{"id":1965,"date":"2022-08-14T10:00:31","date_gmt":"2022-08-14T09:00:31","guid":{"rendered":"https:\/\/enritec.com\/?p=1965"},"modified":"2023-02-13T13:04:41","modified_gmt":"2023-02-13T13:04:41","slug":"deuil-de-stefan-kirchhoff","status":"publish","type":"post","link":"https:\/\/www.enritec.com\/fr\/deuil-de-stefan-kirchhoff\/","title":{"rendered":"Deuil de Stefan Kirchhoff"},"content":{"rendered":"<p>Stefan Kirchhoff a rejoint notre entreprise en 2003 et a d\u2019abord occup\u00e9 des postes de direction internationaux dans les domaines de la gestion de la cha\u00eene d\u2019approvisionnement et de l\u2019informatique. En 2017, il est devenu directeur du site de J\u00fclich et a depuis consid\u00e9rablement fa\u00e7onn\u00e9 son d\u00e9veloppement. Parall\u00e8lement, il a \u00e9t\u00e9 directeur g\u00e9n\u00e9ral des filiales d\u2019ETC que sont Stornetic, Pronexos et, jusqu\u2019en 2020, NPROXX.<\/p>\n<p>Nous nous souviendrons, avec une immense gratitude, de tout ce que Stefan Kirchhoff a fait pour notre entreprise pendant tant d\u2019ann\u00e9es. Sa contribution exceptionnelle ne sera jamais oubli\u00e9e.<\/p>\n","protected":false},"excerpt":{"rendered":"<p>C\u2019est avec une profonde tristesse que nous annon\u00e7ons le d\u00e9c\u00e8s de Stefan Kirchhoff, directeur du site ETC \u00e0 J\u00fclich, en Allemagne, le 4 ao\u00fbt dernier. Nous tenons \u00e0 exprimer notre profonde sympathie et nos condol\u00e9ances \u00e0 sa famille et \u00e0 tous ceux qui l\u2019ont connu. Avec sa disparition, nous perdons un grand homme, un leader exceptionnel, un coll\u00e8gue et un ami. <\/p>\n","protected":false},"author":2,"featured_media":1960,"comment_status":"open","ping_status":"open","sticky":false,"template":"","format":"standard","meta":{"_acf_changed":false,"footnotes":""},"categories":[36],"tags":[],"class_list":["post-1965","post","type-post","status-publish","format-standard","has-post-thumbnail","hentry","category-insights-and-news-2"],"acf":[],"yoast_head":"<!-- This site is optimized with the Yoast SEO plugin v23.9 - https:\/\/yoast.com\/wordpress\/plugins\/seo\/ -->\n<title>Deuil de Stefan Kirchhoff | ETC<\/title>\n<meta name=\"robots\" content=\"index, follow, max-snippet:-1, max-image-preview:large, max-video-preview:-1\" \/>\n<link rel=\"canonical\" href=\"https:\/\/www.enritec.com\/fr\/deuil-de-stefan-kirchhoff\/\" \/>\n<meta property=\"og:locale\" content=\"fr_FR\" \/>\n<meta property=\"og:type\" content=\"article\" \/>\n<meta property=\"og:title\" content=\"Deuil de Stefan Kirchhoff | ETC\" \/>\n<meta property=\"og:description\" content=\"C\u2019est avec une profonde tristesse que nous annon\u00e7ons le d\u00e9c\u00e8s de Stefan Kirchhoff, directeur du site ETC \u00e0 J\u00fclich, en Allemagne, le 4 ao\u00fbt dernier. Nous tenons \u00e0 exprimer notre profonde sympathie et nos condol\u00e9ances \u00e0 sa famille et \u00e0 tous ceux qui l\u2019ont connu. Avec sa disparition, nous perdons un grand homme, un leader exceptionnel, un coll\u00e8gue et un ami.\" \/>\n<meta property=\"og:url\" content=\"https:\/\/www.enritec.com\/fr\/deuil-de-stefan-kirchhoff\/\" \/>\n<meta property=\"og:site_name\" content=\"ETC\" \/>\n<meta property=\"article:published_time\" content=\"2022-08-14T09:00:31+00:00\" \/>\n<meta property=\"article:modified_time\" content=\"2023-02-13T13:04:41+00:00\" \/>\n<meta property=\"og:image\" content=\"https:\/\/www.enritec.com\/app\/uploads\/2023\/02\/Stefan-Kirchhoff_Memorial-scaled-1.jpg\" \/>\n\t<meta property=\"og:image:width\" content=\"2560\" \/>\n\t<meta property=\"og:image:height\" content=\"1068\" \/>\n\t<meta property=\"og:image:type\" content=\"image\/jpeg\" \/>\n<meta name=\"author\" content=\"Aaron NLS\" \/>\n<meta name=\"twitter:card\" content=\"summary_large_image\" \/>\n<meta name=\"twitter:label1\" content=\"Written by\" \/>\n\t<meta name=\"twitter:data1\" content=\"Aaron NLS\" \/>\n\t<meta name=\"twitter:label2\" content=\"Est. reading time\" \/>\n\t<meta name=\"twitter:data2\" content=\"1 minute\" \/>\n<script type=\"application\/ld+json\" class=\"yoast-schema-graph\">{\"@context\":\"https:\/\/schema.org\",\"@graph\":[{\"@type\":\"Article\",\"@id\":\"https:\/\/www.enritec.com\/fr\/deuil-de-stefan-kirchhoff\/#article\",\"isPartOf\":{\"@id\":\"https:\/\/www.enritec.com\/fr\/deuil-de-stefan-kirchhoff\/\"},\"author\":{\"name\":\"Aaron NLS\",\"@id\":\"https:\/\/www.enritec.com\/fr\/#\/schema\/person\/f189a80ed7600b62e21b3c1e3948d146\"},\"headline\":\"Deuil de Stefan Kirchhoff\",\"datePublished\":\"2022-08-14T09:00:31+00:00\",\"dateModified\":\"2023-02-13T13:04:41+00:00\",\"mainEntityOfPage\":{\"@id\":\"https:\/\/www.enritec.com\/fr\/deuil-de-stefan-kirchhoff\/\"},\"wordCount\":109,\"commentCount\":0,\"publisher\":{\"@id\":\"https:\/\/www.enritec.com\/fr\/#organization\"},\"image\":{\"@id\":\"https:\/\/www.enritec.com\/fr\/deuil-de-stefan-kirchhoff\/#primaryimage\"},\"thumbnailUrl\":\"https:\/\/www.enritec.com\/app\/uploads\/2023\/02\/Stefan-Kirchhoff_Memorial-scaled-1.jpg\",\"articleSection\":[\"Insights and News\"],\"inLanguage\":\"fr-FR\",\"potentialAction\":[{\"@type\":\"CommentAction\",\"name\":\"Comment\",\"target\":[\"https:\/\/www.enritec.com\/fr\/deuil-de-stefan-kirchhoff\/#respond\"]}]},{\"@type\":\"WebPage\",\"@id\":\"https:\/\/www.enritec.com\/fr\/deuil-de-stefan-kirchhoff\/\",\"url\":\"https:\/\/www.enritec.com\/fr\/deuil-de-stefan-kirchhoff\/\",\"name\":\"Deuil de Stefan Kirchhoff | ETC\",\"isPartOf\":{\"@id\":\"https:\/\/www.enritec.com\/fr\/#website\"},\"primaryImageOfPage\":{\"@id\":\"https:\/\/www.enritec.com\/fr\/deuil-de-stefan-kirchhoff\/#primaryimage\"},\"image\":{\"@id\":\"https:\/\/www.enritec.com\/fr\/deuil-de-stefan-kirchhoff\/#primaryimage\"},\"thumbnailUrl\":\"https:\/\/www.enritec.com\/app\/uploads\/2023\/02\/Stefan-Kirchhoff_Memorial-scaled-1.jpg\",\"datePublished\":\"2022-08-14T09:00:31+00:00\",\"dateModified\":\"2023-02-13T13:04:41+00:00\",\"breadcrumb\":{\"@id\":\"https:\/\/www.enritec.com\/fr\/deuil-de-stefan-kirchhoff\/#breadcrumb\"},\"inLanguage\":\"fr-FR\",\"potentialAction\":[{\"@type\":\"ReadAction\",\"target\":[\"https:\/\/www.enritec.com\/fr\/deuil-de-stefan-kirchhoff\/\"]}]},{\"@type\":\"ImageObject\",\"inLanguage\":\"fr-FR\",\"@id\":\"https:\/\/www.enritec.com\/fr\/deuil-de-stefan-kirchhoff\/#primaryimage\",\"url\":\"https:\/\/www.enritec.com\/app\/uploads\/2023\/02\/Stefan-Kirchhoff_Memorial-scaled-1.jpg\",\"contentUrl\":\"https:\/\/www.enritec.com\/app\/uploads\/2023\/02\/Stefan-Kirchhoff_Memorial-scaled-1.jpg\",\"width\":2560,\"height\":1068},{\"@type\":\"BreadcrumbList\",\"@id\":\"https:\/\/www.enritec.com\/fr\/deuil-de-stefan-kirchhoff\/#breadcrumb\",\"itemListElement\":[{\"@type\":\"ListItem\",\"position\":1,\"name\":\"Home\",\"item\":\"https:\/\/www.enritec.com\/fr\/\"},{\"@type\":\"ListItem\",\"position\":2,\"name\":\"Deuil de Stefan Kirchhoff\"}]},{\"@type\":\"WebSite\",\"@id\":\"https:\/\/www.enritec.com\/fr\/#website\",\"url\":\"https:\/\/www.enritec.com\/fr\/\",\"name\":\"Enrichment Technology Company\",\"description\":\"\",\"publisher\":{\"@id\":\"https:\/\/www.enritec.com\/fr\/#organization\"},\"alternateName\":\"ETC\",\"potentialAction\":[{\"@type\":\"SearchAction\",\"target\":{\"@type\":\"EntryPoint\",\"urlTemplate\":\"https:\/\/www.enritec.com\/fr\/?s={search_term_string}\"},\"query-input\":{\"@type\":\"PropertyValueSpecification\",\"valueRequired\":true,\"valueName\":\"search_term_string\"}}],\"inLanguage\":\"fr-FR\"},{\"@type\":\"Organization\",\"@id\":\"https:\/\/www.enritec.com\/fr\/#organization\",\"name\":\"Enrichment Technology Company\",\"alternateName\":\"ETC\",\"url\":\"https:\/\/www.enritec.com\/fr\/\",\"logo\":{\"@type\":\"ImageObject\",\"inLanguage\":\"fr-FR\",\"@id\":\"https:\/\/www.enritec.com\/fr\/#\/schema\/logo\/image\/\",\"url\":\"https:\/\/enritec.com\/app\/uploads\/2023\/01\/logo.svg\",\"contentUrl\":\"https:\/\/enritec.com\/app\/uploads\/2023\/01\/logo.svg\",\"width\":211,\"height\":120,\"caption\":\"Enrichment Technology Company\"},\"image\":{\"@id\":\"https:\/\/www.enritec.com\/fr\/#\/schema\/logo\/image\/\"},\"sameAs\":[\"https:\/\/www.linkedin.com\/company\/86622593\/\"]},{\"@type\":\"Person\",\"@id\":\"https:\/\/www.enritec.com\/fr\/#\/schema\/person\/f189a80ed7600b62e21b3c1e3948d146\",\"name\":\"Aaron NLS\",\"image\":{\"@type\":\"ImageObject\",\"inLanguage\":\"fr-FR\",\"@id\":\"https:\/\/www.enritec.com\/fr\/#\/schema\/person\/image\/\",\"url\":\"https:\/\/secure.gravatar.com\/avatar\/faa9ce07b90319ef449cbf8763700714d74c986ce4f2297337e48551e97a34e9?s=96&d=mm&r=g\",\"contentUrl\":\"https:\/\/secure.gravatar.com\/avatar\/faa9ce07b90319ef449cbf8763700714d74c986ce4f2297337e48551e97a34e9?s=96&d=mm&r=g\",\"caption\":\"Aaron NLS\"}}]}<\/script>\n<!-- \/ Yoast SEO plugin. -->","yoast_head_json":{"title":"Deuil de Stefan Kirchhoff | ETC","robots":{"index":"index","follow":"follow","max-snippet":"max-snippet:-1","max-image-preview":"max-image-preview:large","max-video-preview":"max-video-preview:-1"},"canonical":"https:\/\/www.enritec.com\/fr\/deuil-de-stefan-kirchhoff\/","og_locale":"fr_FR","og_type":"article","og_title":"Deuil de Stefan Kirchhoff | ETC","og_description":"C\u2019est avec une profonde tristesse que nous annon\u00e7ons le d\u00e9c\u00e8s de Stefan Kirchhoff, directeur du site ETC \u00e0 J\u00fclich, en Allemagne, le 4 ao\u00fbt dernier. Nous tenons \u00e0 exprimer notre profonde sympathie et nos condol\u00e9ances \u00e0 sa famille et \u00e0 tous ceux qui l\u2019ont connu. Avec sa disparition, nous perdons un grand homme, un leader exceptionnel, un coll\u00e8gue et un ami.","og_url":"https:\/\/www.enritec.com\/fr\/deuil-de-stefan-kirchhoff\/","og_site_name":"ETC","article_published_time":"2022-08-14T09:00:31+00:00","article_modified_time":"2023-02-13T13:04:41+00:00","og_image":[{"width":2560,"height":1068,"url":"https:\/\/www.enritec.com\/app\/uploads\/2023\/02\/Stefan-Kirchhoff_Memorial-scaled-1.jpg","type":"image\/jpeg"}],"author":"Aaron NLS","twitter_card":"summary_large_image","twitter_misc":{"Written by":"Aaron NLS","Est. reading time":"1 minute"},"schema":{"@context":"https:\/\/schema.org","@graph":[{"@type":"Article","@id":"https:\/\/www.enritec.com\/fr\/deuil-de-stefan-kirchhoff\/#article","isPartOf":{"@id":"https:\/\/www.enritec.com\/fr\/deuil-de-stefan-kirchhoff\/"},"author":{"name":"Aaron NLS","@id":"https:\/\/www.enritec.com\/fr\/#\/schema\/person\/f189a80ed7600b62e21b3c1e3948d146"},"headline":"Deuil de Stefan Kirchhoff","datePublished":"2022-08-14T09:00:31+00:00","dateModified":"2023-02-13T13:04:41+00:00","mainEntityOfPage":{"@id":"https:\/\/www.enritec.com\/fr\/deuil-de-stefan-kirchhoff\/"},"wordCount":109,"commentCount":0,"publisher":{"@id":"https:\/\/www.enritec.com\/fr\/#organization"},"image":{"@id":"https:\/\/www.enritec.com\/fr\/deuil-de-stefan-kirchhoff\/#primaryimage"},"thumbnailUrl":"https:\/\/www.enritec.com\/app\/uploads\/2023\/02\/Stefan-Kirchhoff_Memorial-scaled-1.jpg","articleSection":["Insights and News"],"inLanguage":"fr-FR","potentialAction":[{"@type":"CommentAction","name":"Comment","target":["https:\/\/www.enritec.com\/fr\/deuil-de-stefan-kirchhoff\/#respond"]}]},{"@type":"WebPage","@id":"https:\/\/www.enritec.com\/fr\/deuil-de-stefan-kirchhoff\/","url":"https:\/\/www.enritec.com\/fr\/deuil-de-stefan-kirchhoff\/","name":"Deuil de Stefan Kirchhoff | ETC","isPartOf":{"@id":"https:\/\/www.enritec.com\/fr\/#website"},"primaryImageOfPage":{"@id":"https:\/\/www.enritec.com\/fr\/deuil-de-stefan-kirchhoff\/#primaryimage"},"image":{"@id":"https:\/\/www.enritec.com\/fr\/deuil-de-stefan-kirchhoff\/#primaryimage"},"thumbnailUrl":"https:\/\/www.enritec.com\/app\/uploads\/2023\/02\/Stefan-Kirchhoff_Memorial-scaled-1.jpg","datePublished":"2022-08-14T09:00:31+00:00","dateModified":"2023-02-13T13:04:41+00:00","breadcrumb":{"@id":"https:\/\/www.enritec.com\/fr\/deuil-de-stefan-kirchhoff\/#breadcrumb"},"inLanguage":"fr-FR","potentialAction":[{"@type":"ReadAction","target":["https:\/\/www.enritec.com\/fr\/deuil-de-stefan-kirchhoff\/"]}]},{"@type":"ImageObject","inLanguage":"fr-FR","@id":"https:\/\/www.enritec.com\/fr\/deuil-de-stefan-kirchhoff\/#primaryimage","url":"https:\/\/www.enritec.com\/app\/uploads\/2023\/02\/Stefan-Kirchhoff_Memorial-scaled-1.jpg","contentUrl":"https:\/\/www.enritec.com\/app\/uploads\/2023\/02\/Stefan-Kirchhoff_Memorial-scaled-1.jpg","width":2560,"height":1068},{"@type":"BreadcrumbList","@id":"https:\/\/www.enritec.com\/fr\/deuil-de-stefan-kirchhoff\/#breadcrumb","itemListElement":[{"@type":"ListItem","position":1,"name":"Home","item":"https:\/\/www.enritec.com\/fr\/"},{"@type":"ListItem","position":2,"name":"Deuil de Stefan Kirchhoff"}]},{"@type":"WebSite","@id":"https:\/\/www.enritec.com\/fr\/#website","url":"https:\/\/www.enritec.com\/fr\/","name":"Enrichment Technology Company","description":"","publisher":{"@id":"https:\/\/www.enritec.com\/fr\/#organization"},"alternateName":"ETC","potentialAction":[{"@type":"SearchAction","target":{"@type":"EntryPoint","urlTemplate":"https:\/\/www.enritec.com\/fr\/?s={search_term_string}"},"query-input":{"@type":"PropertyValueSpecification","valueRequired":true,"valueName":"search_term_string"}}],"inLanguage":"fr-FR"},{"@type":"Organization","@id":"https:\/\/www.enritec.com\/fr\/#organization","name":"Enrichment Technology Company","alternateName":"ETC","url":"https:\/\/www.enritec.com\/fr\/","logo":{"@type":"ImageObject","inLanguage":"fr-FR","@id":"https:\/\/www.enritec.com\/fr\/#\/schema\/logo\/image\/","url":"https:\/\/enritec.com\/app\/uploads\/2023\/01\/logo.svg","contentUrl":"https:\/\/enritec.com\/app\/uploads\/2023\/01\/logo.svg","width":211,"height":120,"caption":"Enrichment Technology Company"},"image":{"@id":"https:\/\/www.enritec.com\/fr\/#\/schema\/logo\/image\/"},"sameAs":["https:\/\/www.linkedin.com\/company\/86622593\/"]},{"@type":"Person","@id":"https:\/\/www.enritec.com\/fr\/#\/schema\/person\/f189a80ed7600b62e21b3c1e3948d146","name":"Aaron NLS","image":{"@type":"ImageObject","inLanguage":"fr-FR","@id":"https:\/\/www.enritec.com\/fr\/#\/schema\/person\/image\/","url":"https:\/\/secure.gravatar.com\/avatar\/faa9ce07b90319ef449cbf8763700714d74c986ce4f2297337e48551e97a34e9?s=96&d=mm&r=g","contentUrl":"https:\/\/secure.gravatar.com\/avatar\/faa9ce07b90319ef449cbf8763700714d74c986ce4f2297337e48551e97a34e9?s=96&d=mm&r=g","caption":"Aaron NLS"}}]}},"_links":{"self":[{"href":"https:\/\/www.enritec.com\/fr\/wp-json\/wp\/v2\/posts\/1965","targetHints":{"allow":["GET"]}}],"collection":[{"href":"https:\/\/www.enritec.com\/fr\/wp-json\/wp\/v2\/posts"}],"about":[{"href":"https:\/\/www.enritec.com\/fr\/wp-json\/wp\/v2\/types\/post"}],"author":[{"embeddable":true,"href":"https:\/\/www.enritec.com\/fr\/wp-json\/wp\/v2\/users\/2"}],"replies":[{"embeddable":true,"href":"https:\/\/www.enritec.com\/fr\/wp-json\/wp\/v2\/comments?post=1965"}],"version-history":[{"count":2,"href":"https:\/\/www.enritec.com\/fr\/wp-json\/wp\/v2\/posts\/1965\/revisions"}],"predecessor-version":[{"id":2353,"href":"https:\/\/www.enritec.com\/fr\/wp-json\/wp\/v2\/posts\/1965\/revisions\/2353"}],"wp:featuredmedia":[{"embeddable":true,"href":"https:\/\/www.enritec.com\/fr\/wp-json\/wp\/v2\/media\/1960"}],"wp:attachment":[{"href":"https:\/\/www.enritec.com\/fr\/wp-json\/wp\/v2\/media?parent=1965"}],"wp:term":[{"taxonomy":"category","embeddable":true,"href":"https:\/\/www.enritec.com\/fr\/wp-json\/wp\/v2\/categories?post=1965"},{"taxonomy":"post_tag","embeddable":true,"href":"https:\/\/www.enritec.com\/fr\/wp-json\/wp\/v2\/tags?post=1965"}],"curies":[{"name":"wp","href":"https:\/\/api.w.org\/{rel}","templated":true}]}}